{"id":111841,"date":"2024-09-22T22:40:15","date_gmt":"2024-09-22T20:40:15","guid":{"rendered":"https:\/\/www.chateaulasable.com\/?p=111841"},"modified":"2024-09-23T01:20:20","modified_gmt":"2024-09-22T23:20:20","slug":"revue-du-vin-de-france-magazine","status":"publish","type":"post","link":"https:\/\/www.chateaulasable.com\/en\/press\/revue-du-vin-de-france-magazine\/","title":{"rendered":"Revue du Vin de France magazine"},"content":{"rendered":"<div class=\"wpb-content-wrapper\"><p>[vc_row][vc_column width=&#8221;1\/2&#8243;][vc_single_image media=&#8221;111853&#8243; media_width_percent=&#8221;100&#8243; uncode_shortcode_id=&#8221;127138&#8243;][\/vc_column][vc_column width=&#8221;1\/2&#8243;][vc_column_text uncode_shortcode_id=&#8221;125189&#8243;]<strong>Tour de France &#8211; 1500 Wines under \u20ac20 &#8211; It&#8217;s possible to treat yourself without breaking the bank<\/strong><\/p>\n<p>87-88\/100<\/p>\n<p>CH\u00c2TEAU LA SABLE<br \/>\nLe Petit M 2022<\/p>\n<p>A taut white with a restrained bouquet.<br \/>\nTasty fruit, balanced between freshness and ripeness, with a lovely saline persistence.[\/vc_column_text][\/vc_column][\/vc_row]<\/p>\n<\/div>","protected":false},"excerpt":{"rendered":"<p>Tour de France &#8211; 1500 Wines under \u20ac20 &#8211; It&#8217;s possible to treat yourself without breaking the bank<\/p>\n","protected":false},"author":1,"featured_media":111846,"comment_status":"open","ping_status":"open","sticky":false,"template":"","format":"standard","meta":{"inline_featured_image":false,"footnotes":""},"categories":[228],"tags":[],"class_list":["post-111841","post","type-post","status-publish","format-standard","has-post-thumbnail","hentry","category-press"],"yoast_head":"<!-- This site is optimized with the Yoast SEO plugin v27.3 - https:\/\/yoast.com\/product\/yoast-seo-wordpress\/ -->\n<title>Revue du Vin de France magazine - Chateau La Sable<\/title>\n<meta name=\"description\" content=\"Domaine et vignoble situ\u00e9 en plein coeur du Luberon : d\u00e9couvrez nos vins, chambres d&#039;h\u00f4tes et le ch\u00e2teau autour d&#039;une bastide proven\u00e7ale du 18\u00e8me si\u00e8cle\" \/>\n<meta name=\"robots\" content=\"index, follow, max-snippet:-1, max-image-preview:large, max-video-preview:-1\" \/>\n<link rel=\"canonical\" href=\"https:\/\/www.chateaulasable.com\/en\/press\/revue-du-vin-de-france-magazine\/\" \/>\n<meta property=\"og:locale\" content=\"en_US\" \/>\n<meta property=\"og:type\" content=\"article\" \/>\n<meta property=\"og:title\" content=\"Revue du Vin de France magazine - Chateau La Sable\" \/>\n<meta property=\"og:description\" content=\"Domaine et vignoble situ\u00e9 en plein coeur du Luberon : d\u00e9couvrez nos vins, chambres d&#039;h\u00f4tes et le ch\u00e2teau autour d&#039;une bastide proven\u00e7ale du 18\u00e8me si\u00e8cle\" \/>\n<meta property=\"og:url\" content=\"https:\/\/www.chateaulasable.com\/en\/press\/revue-du-vin-de-france-magazine\/\" \/>\n<meta property=\"og:site_name\" content=\"Chateau La Sable\" \/>\n<meta property=\"article:published_time\" content=\"2024-09-22T20:40:15+00:00\" \/>\n<meta property=\"article:modified_time\" content=\"2024-09-22T23:20:20+00:00\" \/>\n<meta property=\"og:image\" content=\"https:\/\/www.chateaulasable.com\/wp-content\/uploads\/2024\/09\/logo-rdvf.jpg\" \/>\n\t<meta property=\"og:image:width\" content=\"576\" \/>\n\t<meta property=\"og:image:height\" content=\"389\" \/>\n\t<meta property=\"og:image:type\" content=\"image\/jpeg\" \/>\n<meta name=\"author\" content=\"Provensal Roland\" \/>\n<meta name=\"twitter:card\" content=\"summary_large_image\" \/>\n<meta name=\"twitter:label1\" content=\"Written by\" \/>\n\t<meta name=\"twitter:data1\" content=\"Provensal Roland\" \/>\n\t<meta name=\"twitter:label2\" content=\"Est. reading time\" \/>\n\t<meta name=\"twitter:data2\" content=\"1 minute\" \/>\n<script type=\"application\/ld+json\" class=\"yoast-schema-graph\">{\"@context\":\"https:\\\/\\\/schema.org\",\"@graph\":[{\"@type\":\"Article\",\"@id\":\"https:\\\/\\\/www.chateaulasable.com\\\/en\\\/press\\\/revue-du-vin-de-france-magazine\\\/#article\",\"isPartOf\":{\"@id\":\"https:\\\/\\\/www.chateaulasable.com\\\/en\\\/press\\\/revue-du-vin-de-france-magazine\\\/\"},\"author\":{\"name\":\"Provensal Roland\",\"@id\":\"https:\\\/\\\/www.chateaulasable.com\\\/en\\\/#\\\/schema\\\/person\\\/429a987382a9b6dbd521b220b1d89c70\"},\"headline\":\"Revue du Vin de France magazine\",\"datePublished\":\"2024-09-22T20:40:15+00:00\",\"dateModified\":\"2024-09-22T23:20:20+00:00\",\"mainEntityOfPage\":{\"@id\":\"https:\\\/\\\/www.chateaulasable.com\\\/en\\\/press\\\/revue-du-vin-de-france-magazine\\\/\"},\"wordCount\":83,\"commentCount\":0,\"publisher\":{\"@id\":\"https:\\\/\\\/www.chateaulasable.com\\\/en\\\/#organization\"},\"image\":{\"@id\":\"https:\\\/\\\/www.chateaulasable.com\\\/en\\\/press\\\/revue-du-vin-de-france-magazine\\\/#primaryimage\"},\"thumbnailUrl\":\"https:\\\/\\\/www.chateaulasable.com\\\/wp-content\\\/uploads\\\/2024\\\/09\\\/logo-rdvf.jpg\",\"articleSection\":[\"Press\"],\"inLanguage\":\"en-US\",\"potentialAction\":[{\"@type\":\"CommentAction\",\"name\":\"Comment\",\"target\":[\"https:\\\/\\\/www.chateaulasable.com\\\/en\\\/press\\\/revue-du-vin-de-france-magazine\\\/#respond\"]}]},{\"@type\":\"WebPage\",\"@id\":\"https:\\\/\\\/www.chateaulasable.com\\\/en\\\/press\\\/revue-du-vin-de-france-magazine\\\/\",\"url\":\"https:\\\/\\\/www.chateaulasable.com\\\/en\\\/press\\\/revue-du-vin-de-france-magazine\\\/\",\"name\":\"Revue du Vin de France magazine - Chateau La Sable\",\"isPartOf\":{\"@id\":\"https:\\\/\\\/www.chateaulasable.com\\\/en\\\/#website\"},\"primaryImageOfPage\":{\"@id\":\"https:\\\/\\\/www.chateaulasable.com\\\/en\\\/press\\\/revue-du-vin-de-france-magazine\\\/#primaryimage\"},\"image\":{\"@id\":\"https:\\\/\\\/www.chateaulasable.com\\\/en\\\/press\\\/revue-du-vin-de-france-magazine\\\/#primaryimage\"},\"thumbnailUrl\":\"https:\\\/\\\/www.chateaulasable.com\\\/wp-content\\\/uploads\\\/2024\\\/09\\\/logo-rdvf.jpg\",\"datePublished\":\"2024-09-22T20:40:15+00:00\",\"dateModified\":\"2024-09-22T23:20:20+00:00\",\"description\":\"Domaine et vignoble situ\u00e9 en plein coeur du Luberon : d\u00e9couvrez nos vins, chambres d'h\u00f4tes et le ch\u00e2teau autour d'une bastide proven\u00e7ale du 18\u00e8me si\u00e8cle\",\"breadcrumb\":{\"@id\":\"https:\\\/\\\/www.chateaulasable.com\\\/en\\\/press\\\/revue-du-vin-de-france-magazine\\\/#breadcrumb\"},\"inLanguage\":\"en-US\",\"potentialAction\":[{\"@type\":\"ReadAction\",\"target\":[\"https:\\\/\\\/www.chateaulasable.com\\\/en\\\/press\\\/revue-du-vin-de-france-magazine\\\/\"]}]},{\"@type\":\"ImageObject\",\"inLanguage\":\"en-US\",\"@id\":\"https:\\\/\\\/www.chateaulasable.com\\\/en\\\/press\\\/revue-du-vin-de-france-magazine\\\/#primaryimage\",\"url\":\"https:\\\/\\\/www.chateaulasable.com\\\/wp-content\\\/uploads\\\/2024\\\/09\\\/logo-rdvf.jpg\",\"contentUrl\":\"https:\\\/\\\/www.chateaulasable.com\\\/wp-content\\\/uploads\\\/2024\\\/09\\\/logo-rdvf.jpg\",\"width\":576,\"height\":389},{\"@type\":\"BreadcrumbList\",\"@id\":\"https:\\\/\\\/www.chateaulasable.com\\\/en\\\/press\\\/revue-du-vin-de-france-magazine\\\/#breadcrumb\",\"itemListElement\":[{\"@type\":\"ListItem\",\"position\":1,\"name\":\"Accueil\",\"item\":\"https:\\\/\\\/www.chateaulasable.com\\\/en\\\/\"},{\"@type\":\"ListItem\",\"position\":2,\"name\":\"Revue du Vin de France magazine\"}]},{\"@type\":\"WebSite\",\"@id\":\"https:\\\/\\\/www.chateaulasable.com\\\/en\\\/#website\",\"url\":\"https:\\\/\\\/www.chateaulasable.com\\\/en\\\/\",\"name\":\"Chateau La Sable\",\"description\":\"Domaine &amp; Vignoble dans le Luberon\",\"publisher\":{\"@id\":\"https:\\\/\\\/www.chateaulasable.com\\\/en\\\/#organization\"},\"potentialAction\":[{\"@type\":\"SearchAction\",\"target\":{\"@type\":\"EntryPoint\",\"urlTemplate\":\"https:\\\/\\\/www.chateaulasable.com\\\/en\\\/?s={search_term_string}\"},\"query-input\":{\"@type\":\"PropertyValueSpecification\",\"valueRequired\":true,\"valueName\":\"search_term_string\"}}],\"inLanguage\":\"en-US\"},{\"@type\":\"Organization\",\"@id\":\"https:\\\/\\\/www.chateaulasable.com\\\/en\\\/#organization\",\"name\":\"Ch\u00e2teau La Sable\",\"url\":\"https:\\\/\\\/www.chateaulasable.com\\\/en\\\/\",\"logo\":{\"@type\":\"ImageObject\",\"inLanguage\":\"en-US\",\"@id\":\"https:\\\/\\\/www.chateaulasable.com\\\/en\\\/#\\\/schema\\\/logo\\\/image\\\/\",\"url\":\"https:\\\/\\\/www.chateaulasable.com\\\/wp-content\\\/uploads\\\/2021\\\/11\\\/logo-chateau-la-sable.png\",\"contentUrl\":\"https:\\\/\\\/www.chateaulasable.com\\\/wp-content\\\/uploads\\\/2021\\\/11\\\/logo-chateau-la-sable.png\",\"width\":1697,\"height\":1252,\"caption\":\"Ch\u00e2teau La Sable\"},\"image\":{\"@id\":\"https:\\\/\\\/www.chateaulasable.com\\\/en\\\/#\\\/schema\\\/logo\\\/image\\\/\"}},{\"@type\":\"Person\",\"@id\":\"https:\\\/\\\/www.chateaulasable.com\\\/en\\\/#\\\/schema\\\/person\\\/429a987382a9b6dbd521b220b1d89c70\",\"name\":\"Provensal Roland\",\"image\":{\"@type\":\"ImageObject\",\"inLanguage\":\"en-US\",\"@id\":\"https:\\\/\\\/secure.gravatar.com\\\/avatar\\\/3541ef7105623c561388d9d381926e4bf9c8bd0a663c249c4f86a1d9f3a4a509?s=96&d=mm&r=g\",\"url\":\"https:\\\/\\\/secure.gravatar.com\\\/avatar\\\/3541ef7105623c561388d9d381926e4bf9c8bd0a663c249c4f86a1d9f3a4a509?s=96&d=mm&r=g\",\"contentUrl\":\"https:\\\/\\\/secure.gravatar.com\\\/avatar\\\/3541ef7105623c561388d9d381926e4bf9c8bd0a663c249c4f86a1d9f3a4a509?s=96&d=mm&r=g\",\"caption\":\"Provensal Roland\"},\"sameAs\":[\"https:\\\/\\\/www.chateaulasable.com\"]}]}<\/script>\n<!-- \/ Yoast SEO plugin. -->","yoast_head_json":{"title":"Revue du Vin de France magazine - Chateau La Sable","description":"Domaine et vignoble situ\u00e9 en plein coeur du Luberon : d\u00e9couvrez nos vins, chambres d'h\u00f4tes et le ch\u00e2teau autour d'une bastide proven\u00e7ale du 18\u00e8me si\u00e8cle","robots":{"index":"index","follow":"follow","max-snippet":"max-snippet:-1","max-image-preview":"max-image-preview:large","max-video-preview":"max-video-preview:-1"},"canonical":"https:\/\/www.chateaulasable.com\/en\/press\/revue-du-vin-de-france-magazine\/","og_locale":"en_US","og_type":"article","og_title":"Revue du Vin de France magazine - Chateau La Sable","og_description":"Domaine et vignoble situ\u00e9 en plein coeur du Luberon : d\u00e9couvrez nos vins, chambres d'h\u00f4tes et le ch\u00e2teau autour d'une bastide proven\u00e7ale du 18\u00e8me si\u00e8cle","og_url":"https:\/\/www.chateaulasable.com\/en\/press\/revue-du-vin-de-france-magazine\/","og_site_name":"Chateau La Sable","article_published_time":"2024-09-22T20:40:15+00:00","article_modified_time":"2024-09-22T23:20:20+00:00","og_image":[{"width":576,"height":389,"url":"https:\/\/www.chateaulasable.com\/wp-content\/uploads\/2024\/09\/logo-rdvf.jpg","type":"image\/jpeg"}],"author":"Provensal Roland","twitter_card":"summary_large_image","twitter_misc":{"Written by":"Provensal Roland","Est. reading time":"1 minute"},"schema":{"@context":"https:\/\/schema.org","@graph":[{"@type":"Article","@id":"https:\/\/www.chateaulasable.com\/en\/press\/revue-du-vin-de-france-magazine\/#article","isPartOf":{"@id":"https:\/\/www.chateaulasable.com\/en\/press\/revue-du-vin-de-france-magazine\/"},"author":{"name":"Provensal Roland","@id":"https:\/\/www.chateaulasable.com\/en\/#\/schema\/person\/429a987382a9b6dbd521b220b1d89c70"},"headline":"Revue du Vin de France magazine","datePublished":"2024-09-22T20:40:15+00:00","dateModified":"2024-09-22T23:20:20+00:00","mainEntityOfPage":{"@id":"https:\/\/www.chateaulasable.com\/en\/press\/revue-du-vin-de-france-magazine\/"},"wordCount":83,"commentCount":0,"publisher":{"@id":"https:\/\/www.chateaulasable.com\/en\/#organization"},"image":{"@id":"https:\/\/www.chateaulasable.com\/en\/press\/revue-du-vin-de-france-magazine\/#primaryimage"},"thumbnailUrl":"https:\/\/www.chateaulasable.com\/wp-content\/uploads\/2024\/09\/logo-rdvf.jpg","articleSection":["Press"],"inLanguage":"en-US","potentialAction":[{"@type":"CommentAction","name":"Comment","target":["https:\/\/www.chateaulasable.com\/en\/press\/revue-du-vin-de-france-magazine\/#respond"]}]},{"@type":"WebPage","@id":"https:\/\/www.chateaulasable.com\/en\/press\/revue-du-vin-de-france-magazine\/","url":"https:\/\/www.chateaulasable.com\/en\/press\/revue-du-vin-de-france-magazine\/","name":"Revue du Vin de France magazine - Chateau La Sable","isPartOf":{"@id":"https:\/\/www.chateaulasable.com\/en\/#website"},"primaryImageOfPage":{"@id":"https:\/\/www.chateaulasable.com\/en\/press\/revue-du-vin-de-france-magazine\/#primaryimage"},"image":{"@id":"https:\/\/www.chateaulasable.com\/en\/press\/revue-du-vin-de-france-magazine\/#primaryimage"},"thumbnailUrl":"https:\/\/www.chateaulasable.com\/wp-content\/uploads\/2024\/09\/logo-rdvf.jpg","datePublished":"2024-09-22T20:40:15+00:00","dateModified":"2024-09-22T23:20:20+00:00","description":"Domaine et vignoble situ\u00e9 en plein coeur du Luberon : d\u00e9couvrez nos vins, chambres d'h\u00f4tes et le ch\u00e2teau autour d'une bastide proven\u00e7ale du 18\u00e8me si\u00e8cle","breadcrumb":{"@id":"https:\/\/www.chateaulasable.com\/en\/press\/revue-du-vin-de-france-magazine\/#breadcrumb"},"inLanguage":"en-US","potentialAction":[{"@type":"ReadAction","target":["https:\/\/www.chateaulasable.com\/en\/press\/revue-du-vin-de-france-magazine\/"]}]},{"@type":"ImageObject","inLanguage":"en-US","@id":"https:\/\/www.chateaulasable.com\/en\/press\/revue-du-vin-de-france-magazine\/#primaryimage","url":"https:\/\/www.chateaulasable.com\/wp-content\/uploads\/2024\/09\/logo-rdvf.jpg","contentUrl":"https:\/\/www.chateaulasable.com\/wp-content\/uploads\/2024\/09\/logo-rdvf.jpg","width":576,"height":389},{"@type":"BreadcrumbList","@id":"https:\/\/www.chateaulasable.com\/en\/press\/revue-du-vin-de-france-magazine\/#breadcrumb","itemListElement":[{"@type":"ListItem","position":1,"name":"Accueil","item":"https:\/\/www.chateaulasable.com\/en\/"},{"@type":"ListItem","position":2,"name":"Revue du Vin de France magazine"}]},{"@type":"WebSite","@id":"https:\/\/www.chateaulasable.com\/en\/#website","url":"https:\/\/www.chateaulasable.com\/en\/","name":"Chateau La Sable","description":"Domaine &amp; Vignoble dans le Luberon","publisher":{"@id":"https:\/\/www.chateaulasable.com\/en\/#organization"},"potentialAction":[{"@type":"SearchAction","target":{"@type":"EntryPoint","urlTemplate":"https:\/\/www.chateaulasable.com\/en\/?s={search_term_string}"},"query-input":{"@type":"PropertyValueSpecification","valueRequired":true,"valueName":"search_term_string"}}],"inLanguage":"en-US"},{"@type":"Organization","@id":"https:\/\/www.chateaulasable.com\/en\/#organization","name":"Ch\u00e2teau La Sable","url":"https:\/\/www.chateaulasable.com\/en\/","logo":{"@type":"ImageObject","inLanguage":"en-US","@id":"https:\/\/www.chateaulasable.com\/en\/#\/schema\/logo\/image\/","url":"https:\/\/www.chateaulasable.com\/wp-content\/uploads\/2021\/11\/logo-chateau-la-sable.png","contentUrl":"https:\/\/www.chateaulasable.com\/wp-content\/uploads\/2021\/11\/logo-chateau-la-sable.png","width":1697,"height":1252,"caption":"Ch\u00e2teau La Sable"},"image":{"@id":"https:\/\/www.chateaulasable.com\/en\/#\/schema\/logo\/image\/"}},{"@type":"Person","@id":"https:\/\/www.chateaulasable.com\/en\/#\/schema\/person\/429a987382a9b6dbd521b220b1d89c70","name":"Provensal Roland","image":{"@type":"ImageObject","inLanguage":"en-US","@id":"https:\/\/secure.gravatar.com\/avatar\/3541ef7105623c561388d9d381926e4bf9c8bd0a663c249c4f86a1d9f3a4a509?s=96&d=mm&r=g","url":"https:\/\/secure.gravatar.com\/avatar\/3541ef7105623c561388d9d381926e4bf9c8bd0a663c249c4f86a1d9f3a4a509?s=96&d=mm&r=g","contentUrl":"https:\/\/secure.gravatar.com\/avatar\/3541ef7105623c561388d9d381926e4bf9c8bd0a663c249c4f86a1d9f3a4a509?s=96&d=mm&r=g","caption":"Provensal Roland"},"sameAs":["https:\/\/www.chateaulasable.com"]}]}},"_links":{"self":[{"href":"https:\/\/www.chateaulasable.com\/en\/wp-json\/wp\/v2\/posts\/111841","targetHints":{"allow":["GET"]}}],"collection":[{"href":"https:\/\/www.chateaulasable.com\/en\/wp-json\/wp\/v2\/posts"}],"about":[{"href":"https:\/\/www.chateaulasable.com\/en\/wp-json\/wp\/v2\/types\/post"}],"author":[{"embeddable":true,"href":"https:\/\/www.chateaulasable.com\/en\/wp-json\/wp\/v2\/users\/1"}],"replies":[{"embeddable":true,"href":"https:\/\/www.chateaulasable.com\/en\/wp-json\/wp\/v2\/comments?post=111841"}],"version-history":[{"count":4,"href":"https:\/\/www.chateaulasable.com\/en\/wp-json\/wp\/v2\/posts\/111841\/revisions"}],"predecessor-version":[{"id":111856,"href":"https:\/\/www.chateaulasable.com\/en\/wp-json\/wp\/v2\/posts\/111841\/revisions\/111856"}],"wp:featuredmedia":[{"embeddable":true,"href":"https:\/\/www.chateaulasable.com\/en\/wp-json\/wp\/v2\/media\/111846"}],"wp:attachment":[{"href":"https:\/\/www.chateaulasable.com\/en\/wp-json\/wp\/v2\/media?parent=111841"}],"wp:term":[{"taxonomy":"category","embeddable":true,"href":"https:\/\/www.chateaulasable.com\/en\/wp-json\/wp\/v2\/categories?post=111841"},{"taxonomy":"post_tag","embeddable":true,"href":"https:\/\/www.chateaulasable.com\/en\/wp-json\/wp\/v2\/tags?post=111841"}],"curies":[{"name":"wp","href":"https:\/\/api.w.org\/{rel}","templated":true}]}}